{"id":1197,"date":"2019-02-25T00:00:00","date_gmt":"2019-02-25T00:00:00","guid":{"rendered":"https:\/\/www.edypro-online.com\/jornada-tecnica-sobre-produccion-de-citricos-de-calidad-premium\/"},"modified":"2019-02-25T00:00:00","modified_gmt":"2019-02-25T00:00:00","slug":"jornada-tecnica-sobre-produccion-de-citricos-de-calidad-premium","status":"publish","type":"post","link":"https:\/\/www.edypro-online.com\/it\/jornada-tecnica-sobre-produccion-de-citricos-de-calidad-premium\/","title":{"rendered":"Jornada t\u00e9cnica sobre producci\u00f3n de C\u00edtricos de Calidad Premium"},"content":{"rendered":"<p class=\"qtranxs-available-languages-message qtranxs-available-languages-message-it\">Ci spiace, ma questo articolo \u00e8 disponibile soltanto in <a href=\"https:\/\/www.edypro-online.com\/es\/wp-json\/wp\/v2\/posts\/1197\" class=\"qtranxs-available-language-link qtranxs-available-language-link-es\" title=\"Espa\u00f1ol\">Espa\u00f1ol<\/a> e <a href=\"https:\/\/www.edypro-online.com\/en\/wp-json\/wp\/v2\/posts\/1197\" class=\"qtranxs-available-language-link qtranxs-available-language-link-en\" title=\"English\">English<\/a>.<\/p><p><\/p>\n<p><strong>EDYPRO<\/strong> organiz&oacute; el pasado 18 de febrero una jornada t&eacute;cnica sobre producci&oacute;n de C&iacute;tricos de Calidad Premium para distribuidores y agricultores. El objetivo del evento era mostrar las soluciones biotecnol&oacute;gicas investigadas y desarrolladas por <strong>EDYPRO<\/strong> para abordar las dificultades productivas que tienen algunas variedades por sus caracter&iacute;sticas gen&eacute;ticas.<\/p>\n<p>M&aacute;s de 40 personas, entre los que tambi&eacute;n se encontraban algunos medios de comunicaci&oacute;n del &aacute;rea de Levante, acudieron al encuentro que tuvo lugar en las instalaciones de Florazar Hotel by Flagworld Hotels. Arina Vovk, responsable de Marketing y Exportaci&oacute;n de la compa&ntilde;&iacute;a, fue la encargada de dar la bienvenida a los asistentes e introducir la jornada.<\/p>\n<p>Las &uacute;ltimas tendencias en el sector citr&iacute;cola apuntan a un aumento de la cuota de mercado de variedades tempranas y tard&iacute;as que presentan, por su carga gen&eacute;tica, dificultades productivas. Vicente Puchol centr&oacute; su ponencia en dos variedades: Orri y Tango.<\/p>\n<p>El gerente y director t&eacute;cnico de <strong>EDYPRO<\/strong> explic&oacute; las causas cient&iacute;ficas por los que la variedad Orri no cuenta con una producci&oacute;n abultada. Se trata de una mutaci&oacute;n obtenida en Israel a partir de la irradiaci&oacute;n de yemas del hibrido Orah. Es un &aacute;rbol muy vigoroso con importante depresi&oacute;n invernal de reservas, que como respuesta provoca floraci&oacute;n ciega y polen poco f&eacute;rtil.<\/p>\n<p>Uno de los motivos de la poca producci&oacute;n es debido a una falta de control de la floraci&oacute;n y al retraso de esta. Puchol expuso como a trav&eacute;s de los productos biotecnol&oacute;gicos y a un correcto manejo del cultivo, estos problemas pueden corregirse y obtener una buena cantidad de frutos, de buen tama&ntilde;o y calidad y manteniendo el suelo de cultivo en &oacute;ptimas condiciones.<\/p>\n<p>Por su parte, la variedad Tango que proviene de la irradiaci&oacute;n de Nadorcott, presenta un problema de falta de calibre. El origen gen&eacute;tico de la variedad propicia unos &aacute;rboles de estructura erecta con gran capacidad de generar metabolitos y frutos con un ped&uacute;nculo receptor, muy predispuesto. Esta situaci&oacute;n hace que la variedad tenga un exceso de n&uacute;mero de frutos lo que, sumado al factor de ausencia de semillas por ser frutos partenoca?rpicos, da como consecuencia un ralentizado del engrose en la primera fase. A trav&eacute;s de las soluciones biotecnol&oacute;gicas de <strong>EDYPRO<\/strong> estos problemas se solventan dando como resultado frutos de buen calibre que, adem&aacute;s, cuentan con unas magn&iacute;ficas condiciones organol&eacute;pticas y de calidad.<\/p>\n<p>Los t&eacute;cnicos provenientes de las importantes empresas productoras del sector pudieron vibrar al conocer c&oacute;mo los investigadores valencianos especialistas en biotecnolog&iacute;a trabajan para encontrar el origen de la causa de diversas dificultades y desarrollan las soluciones para obtener Producci&oacute;n de Calidad Premium y Sin Residuos.<\/p>\n<p>","protected":false},"excerpt":{"rendered":"<p>Ci spiace, ma questo articolo \u00e8 disponibile soltanto in Espa\u00f1ol e English. EDYPRO organiz&oacute; el pasado 18 de febrero una jornada t&eacute;cnica sobre producci&oacute;n de C&iacute;tricos de Calidad Premium para distribuidores y agricultores. El objetivo del evento era mostrar las soluciones biotecnol&oacute;gicas investigadas y desarrolladas por EDYPRO para abordar las dificultades productivas que tienen algunas [&hellip;]<\/p>\n","protected":false},"author":1,"featured_media":1198,"comment_status":"closed","ping_status":"closed","sticky":false,"template":"","format":"standard","meta":{"_acf_changed":false,"_seopress_robots_primary_cat":"","_seopress_titles_title":"","_seopress_titles_desc":"","_seopress_robots_index":"","_uag_custom_page_level_css":"","site-sidebar-layout":"default","site-content-layout":"","ast-site-content-layout":"default","site-content-style":"default","site-sidebar-style":"default","ast-global-header-display":"","ast-banner-title-visibility":"","ast-main-header-display":"","ast-hfb-above-header-display":"","ast-hfb-below-header-display":"","ast-hfb-mobile-header-display":"","site-post-title":"","ast-breadcrumbs-content":"","ast-featured-img":"","footer-sml-layout":"","ast-disable-related-posts":"","theme-transparent-header-meta":"","adv-header-id-meta":"","stick-header-meta":"","header-above-stick-meta":"","header-main-stick-meta":"","header-below-stick-meta":"","astra-migrate-meta-layouts":"default","ast-page-background-enabled":"default","ast-page-background-meta":{"desktop":{"background-color":"","background-image":"","background-repeat":"repeat","background-position":"center center","background-size":"auto","background-attachment":"scroll","background-type":"","background-media":"","overlay-type":"","overlay-color":"","overlay-opacity":"","overlay-gradient":""},"tablet":{"background-color":"","background-image":"","background-repeat":"repeat","background-position":"center center","background-size":"auto","background-attachment":"scroll","background-type":"","background-media":"","overlay-type":"","overlay-color":"","overlay-opacity":"","overlay-gradient":""},"mobile":{"background-color":"","background-image":"","background-repeat":"repeat","background-position":"center center","background-size":"auto","background-attachment":"scroll","background-type":"","background-media":"","overlay-type":"","overlay-color":"","overlay-opacity":"","overlay-gradient":""}},"ast-content-background-meta":{"desktop":{"background-color":"var(--ast-global-color-5)","background-image":"","background-repeat":"repeat","background-position":"center center","background-size":"auto","background-attachment":"scroll","background-type":"","background-media":"","overlay-type":"","overlay-color":"","overlay-opacity":"","overlay-gradient":""},"tablet":{"background-color":"var(--ast-global-color-5)","background-image":"","background-repeat":"repeat","background-position":"center center","background-size":"auto","background-attachment":"scroll","background-type":"","background-media":"","overlay-type":"","overlay-color":"","overlay-opacity":"","overlay-gradient":""},"mobile":{"background-color":"var(--ast-global-color-5)","background-image":"","background-repeat":"repeat","background-position":"center center","background-size":"auto","background-attachment":"scroll","background-type":"","background-media":"","overlay-type":"","overlay-color":"","overlay-opacity":"","overlay-gradient":""}},"footnotes":""},"categories":[1],"tags":[],"class_list":["post-1197","post","type-post","status-publish","format-standard","has-post-thumbnail","hentry","category-actualidad"],"acf":[],"uagb_featured_image_src":{"full":["https:\/\/www.edypro-online.com\/wp-content\/uploads\/images\/noticias\/presnetacioXXn2copia.jpg",425,319,false],"thumbnail":["https:\/\/www.edypro-online.com\/wp-content\/uploads\/images\/noticias\/presnetacioXXn2copia-150x150.jpg",150,150,true],"medium":["https:\/\/www.edypro-online.com\/wp-content\/uploads\/images\/noticias\/presnetacioXXn2copia-300x225.jpg",300,225,true],"medium_large":["https:\/\/www.edypro-online.com\/wp-content\/uploads\/images\/noticias\/presnetacioXXn2copia.jpg",425,319,false],"large":["https:\/\/www.edypro-online.com\/wp-content\/uploads\/images\/noticias\/presnetacioXXn2copia.jpg",425,319,false],"1536x1536":["https:\/\/www.edypro-online.com\/wp-content\/uploads\/images\/noticias\/presnetacioXXn2copia.jpg",425,319,false],"2048x2048":["https:\/\/www.edypro-online.com\/wp-content\/uploads\/images\/noticias\/presnetacioXXn2copia.jpg",425,319,false],"woocommerce_thumbnail":["https:\/\/www.edypro-online.com\/wp-content\/uploads\/images\/noticias\/presnetacioXXn2copia-300x300.jpg",300,300,true],"woocommerce_single":["https:\/\/www.edypro-online.com\/wp-content\/uploads\/images\/noticias\/presnetacioXXn2copia.jpg",425,319,false],"woocommerce_gallery_thumbnail":["https:\/\/www.edypro-online.com\/wp-content\/uploads\/images\/noticias\/presnetacioXXn2copia-100x100.jpg",100,100,true],"web-stories-poster-portrait":["https:\/\/www.edypro-online.com\/wp-content\/uploads\/images\/noticias\/presnetacioXXn2copia.jpg",425,319,false],"web-stories-publisher-logo":["https:\/\/www.edypro-online.com\/wp-content\/uploads\/images\/noticias\/presnetacioXXn2copia.jpg",96,72,false],"web-stories-thumbnail":["https:\/\/www.edypro-online.com\/wp-content\/uploads\/images\/noticias\/presnetacioXXn2copia.jpg",150,113,false],"dgwt-wcas-product-suggestion":["https:\/\/www.edypro-online.com\/wp-content\/uploads\/images\/noticias\/presnetacioXXn2copia-64x48.jpg",64,48,true]},"uagb_author_info":{"display_name":"a3p","author_link":"https:\/\/www.edypro-online.com\/it\/author\/a3p\/"},"uagb_comment_info":0,"uagb_excerpt":"Ci spiace, ma questo articolo \u00e8 disponibile soltanto in Espa\u00f1ol e English. EDYPRO organiz&oacute; el pasado 18 de febrero una jornada t&eacute;cnica sobre producci&oacute;n de C&iacute;tricos de Calidad Premium para distribuidores y agricultores. El objetivo del evento era mostrar las soluciones biotecnol&oacute;gicas investigadas y desarrolladas por EDYPRO para abordar las dificultades productivas que tienen algunas&hellip;","_links":{"self":[{"href":"https:\/\/www.edypro-online.com\/it\/wp-json\/wp\/v2\/posts\/1197","targetHints":{"allow":["GET"]}}],"collection":[{"href":"https:\/\/www.edypro-online.com\/it\/wp-json\/wp\/v2\/posts"}],"about":[{"href":"https:\/\/www.edypro-online.com\/it\/wp-json\/wp\/v2\/types\/post"}],"author":[{"embeddable":true,"href":"https:\/\/www.edypro-online.com\/it\/wp-json\/wp\/v2\/users\/1"}],"replies":[{"embeddable":true,"href":"https:\/\/www.edypro-online.com\/it\/wp-json\/wp\/v2\/comments?post=1197"}],"version-history":[{"count":0,"href":"https:\/\/www.edypro-online.com\/it\/wp-json\/wp\/v2\/posts\/1197\/revisions"}],"wp:featuredmedia":[{"embeddable":true,"href":"https:\/\/www.edypro-online.com\/it\/wp-json\/wp\/v2\/media\/1198"}],"wp:attachment":[{"href":"https:\/\/www.edypro-online.com\/it\/wp-json\/wp\/v2\/media?parent=1197"}],"wp:term":[{"taxonomy":"category","embeddable":true,"href":"https:\/\/www.edypro-online.com\/it\/wp-json\/wp\/v2\/categories?post=1197"},{"taxonomy":"post_tag","embeddable":true,"href":"https:\/\/www.edypro-online.com\/it\/wp-json\/wp\/v2\/tags?post=1197"}],"curies":[{"name":"wp","href":"https:\/\/api.w.org\/{rel}","templated":true}]}}